{"id":2162,"date":"2014-04-24T09:05:53","date_gmt":"2014-04-24T08:05:53","guid":{"rendered":"http:\/\/pharmacies-aeroport.fr\/gb\/?p=2162"},"modified":"2019-11-04T09:39:45","modified_gmt":"2019-11-04T08:39:45","slug":"yellow-fever-ok","status":"publish","type":"post","link":"https:\/\/pharmacies-aeroport.fr\/gb\/pharmacie\/yellow-fever-ok\/","title":{"rendered":"YELLOW FEVER"},"content":{"rendered":"<h3><strong><span style=\"color: #99cc00\">Une maladie tr\u00e8s surveill\u00e9e \u00a0gr\u00e2ce \u00e0 la d\u00e9claration obligatoire<\/span><\/strong>,<\/h3>\n<p>elle est caract\u00e9ris\u00e9e chez l\u2019homme par une h\u00e9paton\u00e9phrite.Elle s\u00e9vit sur un mode end\u00e9mo-\u00e9pid\u00e9mique dans la zone intertropicale d\u2019Afrique et d\u2019Am\u00e9rique. C\u2019est une zoonose due au virus amaril, transmise par la piq\u00fbre de certains mousitques (aedes aegypti ou aedes Haemagogus) qui piquent durant la journ\u00e9e.<\/p>\n<h3><span style=\"color: #99cc00\">Cycle de transmission<\/span><\/h3>\n<p>Le singe est le principal r\u00e9servoir du virus On distingue eux cycles\u00a0: \u2022 Cycle selvatique\u00a0: l\u2019homme se contamine accidentellement (travailleurs forestiers ++) \u2022 Cycle urbain\u00a0: si le virus est introduit en ville, la densit\u00e9 humaine et une forte pr\u00e9sence d\u2018insectes vecteurs domiciliaires ou p\u00e9ri domiciliaires cr\u00e9ent les conditions favorables \u00e0 une \u00e9pid\u00e9mie majeure et meurtri\u00e8res\u00a0;<\/p>\n<h3><span style=\"color: #99cc00\">Manifestations cliniques<\/span><\/h3>\n<p>Fr\u00e9quence de formes asymptomatiques La maladie d\u00e9clar\u00e9e se caract\u00e9rise par \u2022 Une incubation de 3 \u00e0 6 jours \u2022 Un tableau de fi\u00e8vre h\u00e9morragique avec atteinte h\u00e9patique et r\u00e9nale (h\u00e9paton\u00e9phrite) \u00e9voluant en phase s\u00e9par\u00e9e par une courte p\u00e9riode de r\u00e9mission vers le 3i\u00e8me \u00e0 4i\u00e8me jour<\/p>\n<p>Phase 1 dite rouge\u00a0: temp\u00e9rature \u00e9lev\u00e9e, maux de t\u00eates intenses, douleurs musculaires et articulaires, lombalgies, urines fonc\u00e9es\u00a0: consultez en urgence pour un diagnostique biologique.<\/p>\n<p>Phase 2 dite jaune\u00a0: reprise de la fi\u00e8vre, ict\u00e8re (jaunisse) d\u2019aggravation progressive, avec complications h\u00e9morragiques, dont des vomissements de sang noir.<\/p>\n<p>\u2022 Une l\u00e9talit\u00e9 de 30% \u00e0 50\u00a0% selon les modalit\u00e9s de prise en charge m\u00e9dicale locales, par un traitement uniquement symptomatique.<\/p>\n<p><strong><span style=\"color: #99cc00\">\u00c9pid\u00e9miologie actuelle<\/span><\/strong><\/p>\n<p>L\u2019Afrique est de loin le continent le plus touch\u00e9 avec 95% des cas recens\u00e9s dans le monde. Autrefois limit\u00e9es \u00e0 la savane et en bordure de for\u00eat, les \u00e9pid\u00e9mies gagnent les cit\u00e9s en expansion, qui procurent aux moustiques de nouveaux g\u00eetes (r\u00e9servoirs d\u2019eaux stagnantes, d\u00e9bris de vieux pneus \u2026) Les \u00e9pid\u00e9mies et les cas isol\u00e9s s\u2019y sont r\u00e9guli\u00e8rement accrus au cours de ces derni\u00e8res ann\u00e9es comme au Mali ou au Soudan en 2005. La maladie est end\u00e9mique dans certaines r\u00e9gions tropicales d\u2019Afrique et dans le centre et le sud de l\u2019Am\u00e9rique. Depuis 2007 la maladie est en recrudescence et on craint un risque de propagation en Asie ou la maladie n\u2019a jamais exist\u00e9e.<\/p>\n<h4><span style=\"color: #99cc00\"><strong>Moyens de pr\u00e9vention<\/strong><\/span><br \/>\n<span style=\"color: #99cc00\"> 1. Les moyens de protection contre les moustiques (r\u00e9pulsifs) et la lutte anti-vectorielle<\/span><br \/>\n<span style=\"color: #99cc00\">2. La vaccination<\/span><br \/>\n<span style=\"color: #99cc00\"> <strong>Modalit\u00e9s de vaccination<\/strong><\/span><br \/>\n<span style=\"color: #99cc00\"> Injection au moins dix jours avant le d\u00e9part valide pendant 10 ans Uniquement en centres agr\u00e9es Exig\u00e9e dans certains pays Maladie relevant du r\u00e8glement sanitaire international de l\u2019OMS et donnant lieu \u00e0 l\u2019\u00e9tablissement d\u2019un certificat international de vaccination<\/span><\/h4>\n<p><strong><span style=\"color: #99cc00\">Les recommandations<\/span><\/strong><\/p>\n<p>Vaccination indispensable pour tout s\u00e9jour en zone en zone end\u00e9mique Elle peut \u00eatre pratiqu\u00e9e d\u00e8s l\u2019\u00e2ge de 6 mois elle est OBLIGATOIRE en Guyane Effets ind\u00e9sirables Petite fi\u00e8vre, maux de t\u00eates et douleurs dorsales apr\u00e8s l\u2019injection (4 ou 6 jours) \u2022 Etant donn\u00e9 le contexte \u00e9pid\u00e9miologique, \u2022 Il est vivement recommand\u00e9 \u00e0 chaque voyageur de pr\u00e9pare son d\u00e9part avant de se rendre dans certaines r\u00e9gions ou s\u00e9vie la maladie \u2022 Consulter votre m\u00e9decin traitant et de se faire vacciner si besoin est. \u2022 Centres de vaccinations antiamariles (voir nos fiches conseils)<\/p>\n<p style=\"text-align: center\"><a href=\"http:\/\/pharmacies-aeroport.fr\/wp-content\/uploads\/2013\/07\/fievre_jaune_1-a18701.gif\"><img loading=\"lazy\" decoding=\"async\" class=\"aligncenter\" alt=\"fievre_jaune_1-a1870[1]\" src=\"http:\/\/pharmacies-aeroport.fr\/wp-content\/uploads\/2013\/07\/fievre_jaune_1-a18701.gif\" width=\"350\" height=\"230\" \/><\/a><\/p>\n<p><span style=\"color: #99cc00\"><em>Nous remercions Astrium pour la carte<\/em><\/span><\/p>\n<p>R\u00e9f\u00e9rences www.pasteur.fr<\/p>\n<p>http:\/\/www.who.int\/ver\/<\/p>\n<p>http:\/\/www.who.int\/csr\/don\/en<\/p>\n<p>http:\/\/www.sante.gouv<\/p>\n","protected":false},"excerpt":{"rendered":"<p>Une maladie tr\u00e8s surveill\u00e9e \u00a0gr\u00e2ce \u00e0 la d\u00e9claration obligatoire, elle est caract\u00e9ris\u00e9e chez l\u2019homme par une h\u00e9paton\u00e9phrite.Elle s\u00e9vit sur un mode end\u00e9mo-\u00e9pid\u00e9mique dans la zone intertropicale d\u2019Afrique et d\u2019Am\u00e9rique. C\u2019est une zoonose due au virus amaril, transmise par la piq\u00fbre &hellip;<\/p>\n<p class=\"read-more\"> <a class=\"more-link\" href=\"https:\/\/pharmacies-aeroport.fr\/gb\/pharmacie\/yellow-fever-ok\/\"> <span class=\"screen-reader-text\">YELLOW FEVER<\/span> Read More &raquo;<\/a><\/p>\n","protected":false},"author":1,"featured_media":1802,"comment_status":"closed","ping_status":"open","sticky":false,"template":"","format":"standard","meta":{"_acf_changed":false,"footnotes":""},"categories":[16,28],"tags":[],"class_list":["post-2162","post","type-post","status-publish","format-standard","has-post-thumbnail","hentry","category-conseils","category-pato1","conseils","pato1"],"acf":[],"jetpack_featured_media_url":"https:\/\/pharmacies-aeroport.fr\/gb\/wp-content\/uploads\/sites\/2\/2014\/04\/moustique_fievre_jaune_LD.jpg","_links":{"self":[{"href":"https:\/\/pharmacies-aeroport.fr\/gb\/wp-json\/wp\/v2\/posts\/2162","targetHints":{"allow":["GET"]}}],"collection":[{"href":"https:\/\/pharmacies-aeroport.fr\/gb\/wp-json\/wp\/v2\/posts"}],"about":[{"href":"https:\/\/pharmacies-aeroport.fr\/gb\/wp-json\/wp\/v2\/types\/post"}],"author":[{"embeddable":true,"href":"https:\/\/pharmacies-aeroport.fr\/gb\/wp-json\/wp\/v2\/users\/1"}],"replies":[{"embeddable":true,"href":"https:\/\/pharmacies-aeroport.fr\/gb\/wp-json\/wp\/v2\/comments?post=2162"}],"version-history":[{"count":4,"href":"https:\/\/pharmacies-aeroport.fr\/gb\/wp-json\/wp\/v2\/posts\/2162\/revisions"}],"predecessor-version":[{"id":2337,"href":"https:\/\/pharmacies-aeroport.fr\/gb\/wp-json\/wp\/v2\/posts\/2162\/revisions\/2337"}],"wp:featuredmedia":[{"embeddable":true,"href":"https:\/\/pharmacies-aeroport.fr\/gb\/wp-json\/wp\/v2\/media\/1802"}],"wp:attachment":[{"href":"https:\/\/pharmacies-aeroport.fr\/gb\/wp-json\/wp\/v2\/media?parent=2162"}],"wp:term":[{"taxonomy":"category","embeddable":true,"href":"https:\/\/pharmacies-aeroport.fr\/gb\/wp-json\/wp\/v2\/categories?post=2162"},{"taxonomy":"post_tag","embeddable":true,"href":"https:\/\/pharmacies-aeroport.fr\/gb\/wp-json\/wp\/v2\/tags?post=2162"}],"curies":[{"name":"wp","href":"https:\/\/api.w.org\/{rel}","templated":true}]}}